{"id":28382,"date":"2025-11-21T05:46:03","date_gmt":"2025-11-21T04:46:03","guid":{"rendered":"https:\/\/www.ingriddrewing.de\/?p=28382"},"modified":"2025-11-21T05:46:41","modified_gmt":"2025-11-21T04:46:41","slug":"verfrueht-2","status":"publish","type":"post","link":"https:\/\/www.ingriddrewing.de\/?p=28382","title":{"rendered":"Verfr\u00fcht"},"content":{"rendered":"<p><img loading=\"lazy\" decoding=\"async\" class=\"alignleft size-thumbnail wp-image-28387\" src=\"https:\/\/www.ingriddrewing.de\/wp-content\/uploads\/2025\/11\/IMG_8749-1-150x150.jpeg\" alt=\"\" width=\"150\" height=\"150\" \/><\/p>\n<p>Der erste Nachtfrost drehte schon die Runde,<br \/>\nund in den Bergen fiel auch reichlich Schnee;<br \/>\ndoch hier im M\u00fcnsterland gr\u00fcnt Gras und Klee,<br \/>\nund in dem G\u00e4rtchen gr\u00fc\u00dfen Veilchen-Funde.<\/p>\n<p>Nun, da die meisten B\u00e4ume kahl geschoren,<br \/>\nChristrosen stehen bl\u00fchend sch\u00f6n bereit;<br \/>\nverwechselt `s Veilchen seine Jahreszeit,<br \/>\nhat Sp\u00e4therbst sich als Fr\u00fchling auserkoren.<\/p>\n<p>Bald wird das blaue Bl\u00fcmchen wohl erbleichen,<br \/>\nwenn Raureif frostig seine Spuren zieht,<br \/>\ndas Gr\u00fcn mit Eiskristallen dicht versieht.<\/p>\n<p>Und Floras Fr\u00fchlingshoffnung, die verfr\u00fcht,<br \/>\nwird Winters Herrschaft, eisig kalt bem\u00fcht,<br \/>\nf\u00fcr kurze Zeit von der Agenda streichen.<\/p>\n<p>\u00a9 Foto u. Text: Ingrid Herta Drewing<\/p>\n","protected":false},"excerpt":{"rendered":"<p>Der erste Nachtfrost drehte schon die Runde, und in den Bergen fiel auch reichlich Schnee; doch hier im M\u00fcnsterland gr\u00fcnt Gras und Klee, und in dem G\u00e4rtchen gr\u00fc\u00dfen Veilchen-Funde. Nun, da die meisten B\u00e4ume kahl geschoren, Christrosen stehen bl\u00fchend sch\u00f6n bereit; verwechselt `s Veilchen seine Jahreszeit, hat Sp\u00e4therbst sich als Fr\u00fchling auserkoren. Bald wird das [&hellip;]<\/p>\n","protected":false},"author":1,"featured_media":0,"comment_status":"closed","ping_status":"closed","sticky":false,"template":"","format":"standard","meta":{"footnotes":""},"categories":[1195,18,692,150],"tags":[938,323],"class_list":["post-28382","post","type-post","status-publish","format-standard","hentry","category-flora","category-fruhling","category-sonett","category-spatherbst","tag-illusion","tag-veilchen"],"_links":{"self":[{"href":"https:\/\/www.ingriddrewing.de\/index.php?rest_route=\/wp\/v2\/posts\/28382","targetHints":{"allow":["GET"]}}],"collection":[{"href":"https:\/\/www.ingriddrewing.de\/index.php?rest_route=\/wp\/v2\/posts"}],"about":[{"href":"https:\/\/www.ingriddrewing.de\/index.php?rest_route=\/wp\/v2\/types\/post"}],"author":[{"embeddable":true,"href":"https:\/\/www.ingriddrewing.de\/index.php?rest_route=\/wp\/v2\/users\/1"}],"replies":[{"embeddable":true,"href":"https:\/\/www.ingriddrewing.de\/index.php?rest_route=%2Fwp%2Fv2%2Fcomments&post=28382"}],"version-history":[{"count":3,"href":"https:\/\/www.ingriddrewing.de\/index.php?rest_route=\/wp\/v2\/posts\/28382\/revisions"}],"predecessor-version":[{"id":28389,"href":"https:\/\/www.ingriddrewing.de\/index.php?rest_route=\/wp\/v2\/posts\/28382\/revisions\/28389"}],"wp:attachment":[{"href":"https:\/\/www.ingriddrewing.de\/index.php?rest_route=%2Fwp%2Fv2%2Fmedia&parent=28382"}],"wp:term":[{"taxonomy":"category","embeddable":true,"href":"https:\/\/www.ingriddrewing.de\/index.php?rest_route=%2Fwp%2Fv2%2Fcategories&post=28382"},{"taxonomy":"post_tag","embeddable":true,"href":"https:\/\/www.ingriddrewing.de\/index.php?rest_route=%2Fwp%2Fv2%2Ftags&post=28382"}],"curies":[{"name":"wp","href":"https:\/\/api.w.org\/{rel}","templated":true}]}}