{"id":28403,"date":"2025-12-04T10:30:46","date_gmt":"2025-12-04T09:30:46","guid":{"rendered":"https:\/\/www.ingriddrewing.de\/?p=28403"},"modified":"2025-12-04T10:37:03","modified_gmt":"2025-12-04T09:37:03","slug":"nebliges-wetter","status":"publish","type":"post","link":"https:\/\/www.ingriddrewing.de\/?p=28403","title":{"rendered":"Nebliges Wetter"},"content":{"rendered":"<p><img loading=\"lazy\" decoding=\"async\" class=\"alignleft size-thumbnail wp-image-28404\" src=\"https:\/\/www.ingriddrewing.de\/wp-content\/uploads\/2025\/12\/1f830e3e-34b3-49e7-bdca-c8fbe09598c3-150x150.jpg\" alt=\"\" width=\"150\" height=\"150\" \/>Dezember graut noch, seine Nebel h\u00fcllen<br \/>\ndie kahlen B\u00e4ume ein in den Alleen;<br \/>\nals m\u00fcsse er gar Trauertage f\u00fcllen,<br \/>\nbem\u00e4ntelt frostig feucht er Park und See.<\/p>\n<p>Am fr\u00fchen Abend fremde Schatten huschen,<br \/>\nda sch\u00e4tz\u2019 ich mein gem\u00fctliches Zuhause;<br \/>\nschlupf\u2019 nach der Ankunft schnell in warme Puschen<br \/>\nund g\u00f6nne mir ges\u00fc\u00dften Tee zur Jause.<\/p>\n<p>Adventszeit ist \u2019s, gew\u00e4hrt ein Innehalten,<br \/>\nvon Hektik fern, kein stressgewohnter Wille<br \/>\nvermag Beschauliches mir fernzuhalten;<br \/>\nbegl\u00fcckt genie\u00dfe ich nun Mu\u00dfe, Stille.<\/p>\n<p>Vorweihnachtsfreude schenkt ein gut Geleit,<br \/>\nauch wenn unwirtlich\u2019 Wetter wirkt zur Zeit.<\/p>\n<p>\u00a9 Foto und Text: Ingrid Herta Drewing<\/p>\n","protected":false},"excerpt":{"rendered":"<p>Dezember graut noch, seine Nebel h\u00fcllen die kahlen B\u00e4ume ein in den Alleen; als m\u00fcsse er gar Trauertage f\u00fcllen, bem\u00e4ntelt frostig feucht er Park und See. Am fr\u00fchen Abend fremde Schatten huschen, da sch\u00e4tz\u2019 ich mein gem\u00fctliches Zuhause; schlupf\u2019 nach der Ankunft schnell in warme Puschen und g\u00f6nne mir ges\u00fc\u00dften Tee zur Jause. Adventszeit ist [&hellip;]<\/p>\n","protected":false},"author":1,"featured_media":0,"comment_status":"closed","ping_status":"closed","sticky":false,"template":"","format":"standard","meta":{"footnotes":""},"categories":[53,4944,152,2174],"tags":[],"class_list":["post-28403","post","type-post","status-publish","format-standard","hentry","category-adventszeit","category-dezember","category-nebel","category-sonette"],"_links":{"self":[{"href":"https:\/\/www.ingriddrewing.de\/index.php?rest_route=\/wp\/v2\/posts\/28403","targetHints":{"allow":["GET"]}}],"collection":[{"href":"https:\/\/www.ingriddrewing.de\/index.php?rest_route=\/wp\/v2\/posts"}],"about":[{"href":"https:\/\/www.ingriddrewing.de\/index.php?rest_route=\/wp\/v2\/types\/post"}],"author":[{"embeddable":true,"href":"https:\/\/www.ingriddrewing.de\/index.php?rest_route=\/wp\/v2\/users\/1"}],"replies":[{"embeddable":true,"href":"https:\/\/www.ingriddrewing.de\/index.php?rest_route=%2Fwp%2Fv2%2Fcomments&post=28403"}],"version-history":[{"count":4,"href":"https:\/\/www.ingriddrewing.de\/index.php?rest_route=\/wp\/v2\/posts\/28403\/revisions"}],"predecessor-version":[{"id":28413,"href":"https:\/\/www.ingriddrewing.de\/index.php?rest_route=\/wp\/v2\/posts\/28403\/revisions\/28413"}],"wp:attachment":[{"href":"https:\/\/www.ingriddrewing.de\/index.php?rest_route=%2Fwp%2Fv2%2Fmedia&parent=28403"}],"wp:term":[{"taxonomy":"category","embeddable":true,"href":"https:\/\/www.ingriddrewing.de\/index.php?rest_route=%2Fwp%2Fv2%2Fcategories&post=28403"},{"taxonomy":"post_tag","embeddable":true,"href":"https:\/\/www.ingriddrewing.de\/index.php?rest_route=%2Fwp%2Fv2%2Ftags&post=28403"}],"curies":[{"name":"wp","href":"https:\/\/api.w.org\/{rel}","templated":true}]}}